{"id":15613,"date":"2017-07-24T10:22:09","date_gmt":"2017-07-24T13:22:09","guid":{"rendered":"http:\/\/cachacabocaina.com.br\/bocaina\/?p=15613"},"modified":"2017-07-24T10:22:09","modified_gmt":"2017-07-24T13:22:09","slug":"estudantes-da-ufla-visitam-a-sede-da-cachaca-bocaina","status":"publish","type":"post","link":"https:\/\/www.cachacabocaina.com.br\/bocaina\/estudantes-da-ufla-visitam-a-sede-da-cachaca-bocaina\/","title":{"rendered":"Estudantes da UFLA visitam a sede da Cacha\u00e7a Bocaina"},"content":{"rendered":"<p>No \u00faltimo s\u00e1bado (22\/7), um grupo de estudantes da Universidade Federal de Lavras (UFLA)\u00a0visitou a sede da <strong>Cacha\u00e7a Bocaina<\/strong> para conhecer a estrutura dos canaviais. Eles s\u00e3o integrantes do N\u00facleo de Estudos em Cana-de-A\u00e7\u00facar (Necana) e vieram acompanhados do prof. Luiz Ant\u00f4nio Bastos Andrade, mais conhecido como &#8220;prof. Chacrinha&#8221;.\u00a0O objetivo da visita foi a realiza\u00e7\u00e3o de uma aula pr\u00e1tica diretamente dos canaviais que d\u00e3o origem a Cacha\u00e7a Bocaina.<\/p>\n<p>Para Luciane Sales, uma das diretoras da Cacha\u00e7a Bocaina, receber essas visitas s\u00f3 atestam a qualidade e a dedica\u00e7\u00e3o ao trabalho que viemos realizando ao longo desses 24 anos de atua\u00e7\u00e3o no mercado de produ\u00e7\u00e3o de cacha\u00e7a de qualidade. Para ela, possibilitar meios para o aprendizado \u00e9 muito gratificante para a empresa. &#8220;Essas visitas s\u00e3o interessantes para n\u00f3s e para eles. Temos um vasto campo experimental para o aprendizado deles, que utilizamos na produ\u00e7\u00e3o da nossa cacha\u00e7a. Seguimos todas as normas para uma produ\u00e7\u00e3o focada em qualidade e sustentabilidade, e por que n\u00e3o disponibiliz\u00e1-lo para o aprendizado de estudantes?&#8221;, disse. Al\u00e9m disso, Luciane enfatizou que, com essas visitas, a marca se torna cada vez mais conhecida pelas pessoas, principalmente, pelo fato dos estudantes da UFLA serem de v\u00e1rias regi\u00f5es do pa\u00eds.<\/p>\n<p>A Cacha\u00e7a Bocaina est\u00e1 sempre de portas abertas para quem desejar conhecer a estrutura e o processo de produ\u00e7\u00e3o.<\/p>\n","protected":false},"excerpt":{"rendered":"<p>No \u00faltimo s\u00e1bado (22\/7), um grupo de estudantes da Universidade Federal de Lavras (UFLA)\u00a0visitou a sede da Cacha\u00e7a Bocaina para conhecer a estrutura dos canaviais. Eles s\u00e3o integrantes do N\u00facleo de Estudos em Cana-de-A\u00e7\u00facar (Necana) e vieram acompanhados do prof. Luiz Ant\u00f4nio Bastos Andrade, mais&#8230;<\/p>\n","protected":false},"author":1,"featured_media":15614,"comment_status":"open","ping_status":"open","sticky":false,"template":"","format":"standard","meta":[],"categories":[71,1],"tags":[],"yoast_head":"<!-- This site is optimized with the Yoast SEO plugin v20.6 - https:\/\/yoast.com\/wordpress\/plugins\/seo\/ -->\n<title>Estudantes da UFLA visitam a sede da Cacha\u00e7a Bocaina &mdash; Cacha\u00e7a Bocaina<\/title>\n<meta name=\"robots\" content=\"index, follow, max-snippet:-1, max-image-preview:large, max-video-preview:-1\" \/>\n<link rel=\"canonical\" href=\"https:\/\/www.cachacabocaina.com.br\/bocaina\/estudantes-da-ufla-visitam-a-sede-da-cachaca-bocaina\/\" \/>\n<meta property=\"og:locale\" content=\"pt_BR\" \/>\n<meta property=\"og:type\" content=\"article\" \/>\n<meta property=\"og:title\" content=\"Estudantes da UFLA visitam a sede da Cacha\u00e7a Bocaina &mdash; Cacha\u00e7a Bocaina\" \/>\n<meta property=\"og:description\" content=\"No \u00faltimo s\u00e1bado (22\/7), um grupo de estudantes da Universidade Federal de Lavras (UFLA)\u00a0visitou a sede da Cacha\u00e7a Bocaina para conhecer a estrutura dos canaviais. Eles s\u00e3o integrantes do N\u00facleo de Estudos em Cana-de-A\u00e7\u00facar (Necana) e vieram acompanhados do prof. Luiz Ant\u00f4nio Bastos Andrade, mais...\" \/>\n<meta property=\"og:url\" content=\"https:\/\/www.cachacabocaina.com.br\/bocaina\/estudantes-da-ufla-visitam-a-sede-da-cachaca-bocaina\/\" \/>\n<meta property=\"og:site_name\" content=\"Cacha\u00e7a Bocaina\" \/>\n<meta property=\"article:publisher\" content=\"https:\/\/www.facebook.com\/cachacabocainaoficial\" \/>\n<meta property=\"article:published_time\" content=\"2017-07-24T13:22:09+00:00\" \/>\n<meta property=\"og:image\" content=\"https:\/\/www.cachacabocaina.com.br\/bocaina\/wp-content\/uploads\/2017\/07\/WhatsApp-Image-2017-07-22-at-11.11.18.jpeg\" \/>\n\t<meta property=\"og:image:width\" content=\"1280\" \/>\n\t<meta property=\"og:image:height\" content=\"720\" \/>\n\t<meta property=\"og:image:type\" content=\"image\/jpeg\" \/>\n<meta name=\"author\" content=\"HETO Marketing e Design\" \/>\n<meta name=\"twitter:card\" content=\"summary_large_image\" \/>\n<meta name=\"twitter:label1\" content=\"Escrito por\" \/>\n\t<meta name=\"twitter:data1\" content=\"HETO Marketing e Design\" \/>\n\t<meta name=\"twitter:label2\" content=\"Est. tempo de leitura\" \/>\n\t<meta name=\"twitter:data2\" content=\"1 minuto\" \/>\n<script type=\"application\/ld+json\" class=\"yoast-schema-graph\">{\"@context\":\"https:\/\/schema.org\",\"@graph\":[{\"@type\":\"Article\",\"@id\":\"https:\/\/www.cachacabocaina.com.br\/bocaina\/estudantes-da-ufla-visitam-a-sede-da-cachaca-bocaina\/#article\",\"isPartOf\":{\"@id\":\"https:\/\/www.cachacabocaina.com.br\/bocaina\/estudantes-da-ufla-visitam-a-sede-da-cachaca-bocaina\/\"},\"author\":{\"name\":\"HETO Marketing e Design\",\"@id\":\"https:\/\/www.cachacabocaina.com.br\/bocaina\/#\/schema\/person\/3cfdbbc76c5de9c8a5a60b358cfbe5b4\"},\"headline\":\"Estudantes da UFLA visitam a sede da Cacha\u00e7a Bocaina\",\"datePublished\":\"2017-07-24T13:22:09+00:00\",\"dateModified\":\"2017-07-24T13:22:09+00:00\",\"mainEntityOfPage\":{\"@id\":\"https:\/\/www.cachacabocaina.com.br\/bocaina\/estudantes-da-ufla-visitam-a-sede-da-cachaca-bocaina\/\"},\"wordCount\":255,\"commentCount\":0,\"publisher\":{\"@id\":\"https:\/\/www.cachacabocaina.com.br\/bocaina\/#organization\"},\"articleSection\":[\"Blog\",\"Not\u00edcias\"],\"inLanguage\":\"pt-BR\",\"potentialAction\":[{\"@type\":\"CommentAction\",\"name\":\"Comment\",\"target\":[\"https:\/\/www.cachacabocaina.com.br\/bocaina\/estudantes-da-ufla-visitam-a-sede-da-cachaca-bocaina\/#respond\"]}]},{\"@type\":\"WebPage\",\"@id\":\"https:\/\/www.cachacabocaina.com.br\/bocaina\/estudantes-da-ufla-visitam-a-sede-da-cachaca-bocaina\/\",\"url\":\"https:\/\/www.cachacabocaina.com.br\/bocaina\/estudantes-da-ufla-visitam-a-sede-da-cachaca-bocaina\/\",\"name\":\"Estudantes da UFLA visitam a sede da Cacha\u00e7a Bocaina &mdash; Cacha\u00e7a Bocaina\",\"isPartOf\":{\"@id\":\"https:\/\/www.cachacabocaina.com.br\/bocaina\/#website\"},\"datePublished\":\"2017-07-24T13:22:09+00:00\",\"dateModified\":\"2017-07-24T13:22:09+00:00\",\"breadcrumb\":{\"@id\":\"https:\/\/www.cachacabocaina.com.br\/bocaina\/estudantes-da-ufla-visitam-a-sede-da-cachaca-bocaina\/#breadcrumb\"},\"inLanguage\":\"pt-BR\",\"potentialAction\":[{\"@type\":\"ReadAction\",\"target\":[\"https:\/\/www.cachacabocaina.com.br\/bocaina\/estudantes-da-ufla-visitam-a-sede-da-cachaca-bocaina\/\"]}]},{\"@type\":\"BreadcrumbList\",\"@id\":\"https:\/\/www.cachacabocaina.com.br\/bocaina\/estudantes-da-ufla-visitam-a-sede-da-cachaca-bocaina\/#breadcrumb\",\"itemListElement\":[{\"@type\":\"ListItem\",\"position\":1,\"name\":\"In\u00edcio\",\"item\":\"https:\/\/www.cachacabocaina.com.br\/bocaina\/\"},{\"@type\":\"ListItem\",\"position\":2,\"name\":\"Estudantes da UFLA visitam a sede da Cacha\u00e7a Bocaina\"}]},{\"@type\":\"WebSite\",\"@id\":\"https:\/\/www.cachacabocaina.com.br\/bocaina\/#website\",\"url\":\"https:\/\/www.cachacabocaina.com.br\/bocaina\/\",\"name\":\"Cacha\u00e7a Bocaina\",\"description\":\"Cacha\u00e7a Artesanal do Sul de Minas\",\"publisher\":{\"@id\":\"https:\/\/www.cachacabocaina.com.br\/bocaina\/#organization\"},\"potentialAction\":[{\"@type\":\"SearchAction\",\"target\":{\"@type\":\"EntryPoint\",\"urlTemplate\":\"https:\/\/www.cachacabocaina.com.br\/bocaina\/?s={search_term_string}\"},\"query-input\":\"required name=search_term_string\"}],\"inLanguage\":\"pt-BR\"},{\"@type\":\"Organization\",\"@id\":\"https:\/\/www.cachacabocaina.com.br\/bocaina\/#organization\",\"name\":\"Cacha\u00e7a Bocaina\",\"url\":\"https:\/\/www.cachacabocaina.com.br\/bocaina\/\",\"logo\":{\"@type\":\"ImageObject\",\"inLanguage\":\"pt-BR\",\"@id\":\"https:\/\/www.cachacabocaina.com.br\/bocaina\/#\/schema\/logo\/image\/\",\"url\":\"https:\/\/www.cachacabocaina.com.br\/bocaina\/wp-content\/uploads\/2019\/07\/og-image.jpg\",\"contentUrl\":\"https:\/\/www.cachacabocaina.com.br\/bocaina\/wp-content\/uploads\/2019\/07\/og-image.jpg\",\"width\":1200,\"height\":628,\"caption\":\"Cacha\u00e7a Bocaina\"},\"image\":{\"@id\":\"https:\/\/www.cachacabocaina.com.br\/bocaina\/#\/schema\/logo\/image\/\"},\"sameAs\":[\"https:\/\/www.facebook.com\/cachacabocainaoficial\",\"http:\/\/instagram.com\/cachacabocainaoficial\"]},{\"@type\":\"Person\",\"@id\":\"https:\/\/www.cachacabocaina.com.br\/bocaina\/#\/schema\/person\/3cfdbbc76c5de9c8a5a60b358cfbe5b4\",\"name\":\"HETO Marketing e Design\",\"image\":{\"@type\":\"ImageObject\",\"inLanguage\":\"pt-BR\",\"@id\":\"https:\/\/www.cachacabocaina.com.br\/bocaina\/#\/schema\/person\/image\/\",\"url\":\"https:\/\/secure.gravatar.com\/avatar\/1cae526defc01d9601c89902ddd5a3b6?s=96&d=mm&r=g\",\"contentUrl\":\"https:\/\/secure.gravatar.com\/avatar\/1cae526defc01d9601c89902ddd5a3b6?s=96&d=mm&r=g\",\"caption\":\"HETO Marketing e Design\"},\"description\":\"HETO Marketing e Design \u00e9 uma empresa que presta servi\u00e7os de consultoria e assessoria em marketing, marketing digital, marketing de conte\u00fado, redes sociais e branding. Nascemos da vontade de agregar a for\u00e7a e os resultados do trabalho da comunica\u00e7\u00e3o e a experi\u00eancia de nosso founder, Helder Tobias, para ajudar nossos clientes a tornarem suas marcas realmente fortes. \u201cPENSAR, PRA DEPOIS FAZER\u201d. Com esta filosofia, desenvolvemos nosso trabalho, sempre focados na vis\u00e3o estrat\u00e9gica do nosso cliente, com os \u00fanicos prop\u00f3sitos de alcan\u00e7ar metas, engajar p\u00fablicos e gerar resultados.\",\"sameAs\":[\"http:\/\/www.heto.com.br\"]}]}<\/script>\n<!-- \/ Yoast SEO plugin. -->","yoast_head_json":{"title":"Estudantes da UFLA visitam a sede da Cacha\u00e7a Bocaina &mdash; Cacha\u00e7a Bocaina","robots":{"index":"index","follow":"follow","max-snippet":"max-snippet:-1","max-image-preview":"max-image-preview:large","max-video-preview":"max-video-preview:-1"},"canonical":"https:\/\/www.cachacabocaina.com.br\/bocaina\/estudantes-da-ufla-visitam-a-sede-da-cachaca-bocaina\/","og_locale":"pt_BR","og_type":"article","og_title":"Estudantes da UFLA visitam a sede da Cacha\u00e7a Bocaina &mdash; Cacha\u00e7a Bocaina","og_description":"No \u00faltimo s\u00e1bado (22\/7), um grupo de estudantes da Universidade Federal de Lavras (UFLA)\u00a0visitou a sede da Cacha\u00e7a Bocaina para conhecer a estrutura dos canaviais. Eles s\u00e3o integrantes do N\u00facleo de Estudos em Cana-de-A\u00e7\u00facar (Necana) e vieram acompanhados do prof. Luiz Ant\u00f4nio Bastos Andrade, mais...","og_url":"https:\/\/www.cachacabocaina.com.br\/bocaina\/estudantes-da-ufla-visitam-a-sede-da-cachaca-bocaina\/","og_site_name":"Cacha\u00e7a Bocaina","article_publisher":"https:\/\/www.facebook.com\/cachacabocainaoficial","article_published_time":"2017-07-24T13:22:09+00:00","og_image":[{"width":1280,"height":720,"url":"https:\/\/www.cachacabocaina.com.br\/bocaina\/wp-content\/uploads\/2017\/07\/WhatsApp-Image-2017-07-22-at-11.11.18.jpeg","type":"image\/jpeg"}],"author":"HETO Marketing e Design","twitter_card":"summary_large_image","twitter_misc":{"Escrito por":"HETO Marketing e Design","Est. tempo de leitura":"1 minuto"},"schema":{"@context":"https:\/\/schema.org","@graph":[{"@type":"Article","@id":"https:\/\/www.cachacabocaina.com.br\/bocaina\/estudantes-da-ufla-visitam-a-sede-da-cachaca-bocaina\/#article","isPartOf":{"@id":"https:\/\/www.cachacabocaina.com.br\/bocaina\/estudantes-da-ufla-visitam-a-sede-da-cachaca-bocaina\/"},"author":{"name":"HETO Marketing e Design","@id":"https:\/\/www.cachacabocaina.com.br\/bocaina\/#\/schema\/person\/3cfdbbc76c5de9c8a5a60b358cfbe5b4"},"headline":"Estudantes da UFLA visitam a sede da Cacha\u00e7a Bocaina","datePublished":"2017-07-24T13:22:09+00:00","dateModified":"2017-07-24T13:22:09+00:00","mainEntityOfPage":{"@id":"https:\/\/www.cachacabocaina.com.br\/bocaina\/estudantes-da-ufla-visitam-a-sede-da-cachaca-bocaina\/"},"wordCount":255,"commentCount":0,"publisher":{"@id":"https:\/\/www.cachacabocaina.com.br\/bocaina\/#organization"},"articleSection":["Blog","Not\u00edcias"],"inLanguage":"pt-BR","potentialAction":[{"@type":"CommentAction","name":"Comment","target":["https:\/\/www.cachacabocaina.com.br\/bocaina\/estudantes-da-ufla-visitam-a-sede-da-cachaca-bocaina\/#respond"]}]},{"@type":"WebPage","@id":"https:\/\/www.cachacabocaina.com.br\/bocaina\/estudantes-da-ufla-visitam-a-sede-da-cachaca-bocaina\/","url":"https:\/\/www.cachacabocaina.com.br\/bocaina\/estudantes-da-ufla-visitam-a-sede-da-cachaca-bocaina\/","name":"Estudantes da UFLA visitam a sede da Cacha\u00e7a Bocaina &mdash; Cacha\u00e7a Bocaina","isPartOf":{"@id":"https:\/\/www.cachacabocaina.com.br\/bocaina\/#website"},"datePublished":"2017-07-24T13:22:09+00:00","dateModified":"2017-07-24T13:22:09+00:00","breadcrumb":{"@id":"https:\/\/www.cachacabocaina.com.br\/bocaina\/estudantes-da-ufla-visitam-a-sede-da-cachaca-bocaina\/#breadcrumb"},"inLanguage":"pt-BR","potentialAction":[{"@type":"ReadAction","target":["https:\/\/www.cachacabocaina.com.br\/bocaina\/estudantes-da-ufla-visitam-a-sede-da-cachaca-bocaina\/"]}]},{"@type":"BreadcrumbList","@id":"https:\/\/www.cachacabocaina.com.br\/bocaina\/estudantes-da-ufla-visitam-a-sede-da-cachaca-bocaina\/#breadcrumb","itemListElement":[{"@type":"ListItem","position":1,"name":"In\u00edcio","item":"https:\/\/www.cachacabocaina.com.br\/bocaina\/"},{"@type":"ListItem","position":2,"name":"Estudantes da UFLA visitam a sede da Cacha\u00e7a Bocaina"}]},{"@type":"WebSite","@id":"https:\/\/www.cachacabocaina.com.br\/bocaina\/#website","url":"https:\/\/www.cachacabocaina.com.br\/bocaina\/","name":"Cacha\u00e7a Bocaina","description":"Cacha\u00e7a Artesanal do Sul de Minas","publisher":{"@id":"https:\/\/www.cachacabocaina.com.br\/bocaina\/#organization"},"potentialAction":[{"@type":"SearchAction","target":{"@type":"EntryPoint","urlTemplate":"https:\/\/www.cachacabocaina.com.br\/bocaina\/?s={search_term_string}"},"query-input":"required name=search_term_string"}],"inLanguage":"pt-BR"},{"@type":"Organization","@id":"https:\/\/www.cachacabocaina.com.br\/bocaina\/#organization","name":"Cacha\u00e7a Bocaina","url":"https:\/\/www.cachacabocaina.com.br\/bocaina\/","logo":{"@type":"ImageObject","inLanguage":"pt-BR","@id":"https:\/\/www.cachacabocaina.com.br\/bocaina\/#\/schema\/logo\/image\/","url":"https:\/\/www.cachacabocaina.com.br\/bocaina\/wp-content\/uploads\/2019\/07\/og-image.jpg","contentUrl":"https:\/\/www.cachacabocaina.com.br\/bocaina\/wp-content\/uploads\/2019\/07\/og-image.jpg","width":1200,"height":628,"caption":"Cacha\u00e7a Bocaina"},"image":{"@id":"https:\/\/www.cachacabocaina.com.br\/bocaina\/#\/schema\/logo\/image\/"},"sameAs":["https:\/\/www.facebook.com\/cachacabocainaoficial","http:\/\/instagram.com\/cachacabocainaoficial"]},{"@type":"Person","@id":"https:\/\/www.cachacabocaina.com.br\/bocaina\/#\/schema\/person\/3cfdbbc76c5de9c8a5a60b358cfbe5b4","name":"HETO Marketing e Design","image":{"@type":"ImageObject","inLanguage":"pt-BR","@id":"https:\/\/www.cachacabocaina.com.br\/bocaina\/#\/schema\/person\/image\/","url":"https:\/\/secure.gravatar.com\/avatar\/1cae526defc01d9601c89902ddd5a3b6?s=96&d=mm&r=g","contentUrl":"https:\/\/secure.gravatar.com\/avatar\/1cae526defc01d9601c89902ddd5a3b6?s=96&d=mm&r=g","caption":"HETO Marketing e Design"},"description":"HETO Marketing e Design \u00e9 uma empresa que presta servi\u00e7os de consultoria e assessoria em marketing, marketing digital, marketing de conte\u00fado, redes sociais e branding. Nascemos da vontade de agregar a for\u00e7a e os resultados do trabalho da comunica\u00e7\u00e3o e a experi\u00eancia de nosso founder, Helder Tobias, para ajudar nossos clientes a tornarem suas marcas realmente fortes. \u201cPENSAR, PRA DEPOIS FAZER\u201d. Com esta filosofia, desenvolvemos nosso trabalho, sempre focados na vis\u00e3o estrat\u00e9gica do nosso cliente, com os \u00fanicos prop\u00f3sitos de alcan\u00e7ar metas, engajar p\u00fablicos e gerar resultados.","sameAs":["http:\/\/www.heto.com.br"]}]}},"_links":{"self":[{"href":"https:\/\/www.cachacabocaina.com.br\/bocaina\/wp-json\/wp\/v2\/posts\/15613"}],"collection":[{"href":"https:\/\/www.cachacabocaina.com.br\/bocaina\/wp-json\/wp\/v2\/posts"}],"about":[{"href":"https:\/\/www.cachacabocaina.com.br\/bocaina\/wp-json\/wp\/v2\/types\/post"}],"author":[{"embeddable":true,"href":"https:\/\/www.cachacabocaina.com.br\/bocaina\/wp-json\/wp\/v2\/users\/1"}],"replies":[{"embeddable":true,"href":"https:\/\/www.cachacabocaina.com.br\/bocaina\/wp-json\/wp\/v2\/comments?post=15613"}],"version-history":[{"count":1,"href":"https:\/\/www.cachacabocaina.com.br\/bocaina\/wp-json\/wp\/v2\/posts\/15613\/revisions"}],"predecessor-version":[{"id":15615,"href":"https:\/\/www.cachacabocaina.com.br\/bocaina\/wp-json\/wp\/v2\/posts\/15613\/revisions\/15615"}],"wp:featuredmedia":[{"embeddable":true,"href":"https:\/\/www.cachacabocaina.com.br\/bocaina\/wp-json\/wp\/v2\/media\/15614"}],"wp:attachment":[{"href":"https:\/\/www.cachacabocaina.com.br\/bocaina\/wp-json\/wp\/v2\/media?parent=15613"}],"wp:term":[{"taxonomy":"category","embeddable":true,"href":"https:\/\/www.cachacabocaina.com.br\/bocaina\/wp-json\/wp\/v2\/categories?post=15613"},{"taxonomy":"post_tag","embeddable":true,"href":"https:\/\/www.cachacabocaina.com.br\/bocaina\/wp-json\/wp\/v2\/tags?post=15613"}],"curies":[{"name":"wp","href":"https:\/\/api.w.org\/{rel}","templated":true}]}}